{"id":6659,"date":"2023-09-04T14:36:27","date_gmt":"2023-09-04T20:36:27","guid":{"rendered":"https:\/\/elsalvadoroutsourcing.com\/?p=6659"},"modified":"2023-09-04T14:38:56","modified_gmt":"2023-09-04T20:38:56","slug":"ley-del-instituto-salvadoreno-del-cafe-impulsara-la-produccion-cafetalera","status":"publish","type":"post","link":"https:\/\/elsalvadoroutsourcing.com\/es\/ley-del-instituto-salvadoreno-del-cafe-impulsara-la-produccion-cafetalera\/","title":{"rendered":"Ley del Instituto Salvadore\u00f1o del Caf\u00e9 impulsar\u00e1 la Producci\u00f3n Cafetalera"},"content":{"rendered":"<div class=\"wpb-content-wrapper\"><p>[vc_row][vc_column][vc_column_text]Diputados aprueban la creaci\u00f3n de la <strong>Ley del Instituto Salvadore\u00f1o del Caf\u00e9<\/strong> que busca marcar un nuevo hito en el sector cafetalero. Dicha ley tendr\u00e1 como objetivo potenciar la producci\u00f3n de caf\u00e9 dentro y fuera del pa\u00eds, as\u00ed como fortalecer la marca <strong>Caf\u00e9 El Salvador<\/strong>. Los diputados de la Asamblea Legislativa respaldaron esta medida con 65 votos en la sesi\u00f3n plenaria n\u00famero 121.[\/vc_column_text][vc_column_text]<\/p>\n<h2><strong>El Instituto Salvadore\u00f1o del Caf\u00e9<\/strong><\/h2>\n<p>El Instituto Salvadore\u00f1o del Caf\u00e9 (ISC) se convertir\u00e1 en el rector de la Pol\u00edtica Nacional en materia cafetalera, garantizando el desarrollo econ\u00f3mico, educativo, social y ambiental de la naci\u00f3n. Esta normativa tambi\u00e9n confiere al ISC la responsabilidad de dise\u00f1ar programas y proyectos para promover la participaci\u00f3n y el desarrollo de los productores, as\u00ed como llevar a cabo investigaciones cient\u00edficas y desarrollar tecnolog\u00edas para la agricultura del caf\u00e9. Todo esto se har\u00e1 en l\u00ednea con las necesidades de los caficultores y las demandas del mercado nacional e internacional, fortaleciendo la calidad y resiliencia del sector ante los desaf\u00edos clim\u00e1ticos.[\/vc_column_text][vc_column_text]<\/p>\n<ul class=\"jsx-718232419\">\n<li class=\"jsx-718232419\"><strong>Lea m\u00e1s:\u00a0<a href=\"https:\/\/elsalvadoroutsourcing.com\/nueva-ley-del-instituto-del-cafe-en-el-salvador\/\" rel=\"noopener follow noreferrer\" data-mrf-link=\"https:\/\/elsalvadoroutsourcing.com\/google-cloud-establecera-operaciones-en-el-salvador\/\" data-wpel-link=\"internal\">Nueva Ley del Instituto del Caf\u00e9 en El Salvador<\/a><\/strong><\/li>\n<\/ul>\n<p>[\/vc_column_text][vc_column_text]<\/p>\n<h3><strong>Ley Integral de Comercializaci\u00f3n Agropecuaria<\/strong><\/h3>\n<p>Adem\u00e1s, se aprob\u00f3 la Ley Integral de Comercializaci\u00f3n Agropecuaria con 64 votos, buscando regular las actividades para mejorar la productividad, rentabilidad y competitividad de los agronegocios y equilibrar los precios de los productos agr\u00edcolas. Esta ley contempla la creaci\u00f3n del Sistema Nacional de Abastecimiento Agropecuario, conectando todas las actividades del sector desde la producci\u00f3n hasta el consumidor final.[\/vc_column_text][vc_column_text]El parlamentario Ricardo Rivas destac\u00f3 la importancia de esta iniciativa para integrar la cadena productiva del pa\u00eds, mientras que la parlamentaria Norma Lobo resalt\u00f3 que esta ley busca respaldar la agricultura y reducir las importaciones de alimentos, asegurando la seguridad alimentaria de la naci\u00f3n.[\/vc_column_text][vc_column_text]Fuente: Asamblea Legislativa[\/vc_column_text][\/vc_column][\/vc_row]<\/p>\n<\/div>","protected":false},"excerpt":{"rendered":"<p>[vc_row][vc_column][vc_column_text]Diputados aprueban la creaci\u00f3n de la Ley del Instituto Salvadore\u00f1o del Caf\u00e9 que busca marcar un nuevo hito en el sector cafetalero. Dicha ley tendr\u00e1 como objetivo potenciar la producci\u00f3n de caf\u00e9 dentro y fuera del pa\u00eds, as\u00ed como fortalecer la marca Caf\u00e9 El Salvador. Los diputados de la Asamblea Legislativa respaldaron esta medida con&hellip;<\/p>\n","protected":false},"author":5,"featured_media":6661,"comment_status":"open","ping_status":"open","sticky":false,"template":"","format":"standard","meta":{"rs_blank_template":"","rs_page_bg_color":"","slide_template_v7":"","_uag_custom_page_level_css":"","footnotes":""},"categories":[155],"tags":[178,173,176,179,174],"class_list":["post-6659","post","type-post","status-publish","format-standard","has-post-thumbnail","hentry","category-noticias","tag-consejo-salvadoreno-del-cafe","tag-instituto-del-cafe-en-el-salvador","tag-instituto-salvadoreno-del-cafe","tag-ley-del-instituto-del-cafe-en-el-salvador","tag-nueva-ley-del-instituto-del-cafe-en-el-salvador","category-155","description-off"],"yoast_head":"<!-- This site is optimized with the Yoast SEO Premium plugin v27.3 (Yoast SEO v27.4) - https:\/\/yoast.com\/product\/yoast-seo-premium-wordpress\/ -->\n<title>Ley del Instituto Salvadore\u00f1o del Caf\u00e9 - El Salvador Outsourcing - Interbiznet - Asesores legales<\/title>\n<meta name=\"description\" content=\"Ley del Instituto Salvadore\u00f1o del Caf\u00e9 revolucionar\u00e1 la producci\u00f3n cafetalera, impulsando su crecimiento y fortaleciendo la marca Caf\u00e9.\" \/>\n<meta name=\"robots\" content=\"index, follow, max-snippet:-1, max-image-preview:large, max-video-preview:-1\" \/>\n<link rel=\"canonical\" href=\"https:\/\/elsalvadoroutsourcing.com\/es\/ley-del-instituto-salvadoreno-del-cafe-impulsara-la-produccion-cafetalera\/\" \/>\n<meta property=\"og:locale\" content=\"es_ES\" \/>\n<meta property=\"og:type\" content=\"article\" \/>\n<meta property=\"og:title\" content=\"Ley del Instituto Salvadore\u00f1o del Caf\u00e9 impulsar\u00e1 la Producci\u00f3n Cafetalera\" \/>\n<meta property=\"og:description\" content=\"Ley del Instituto Salvadore\u00f1o del Caf\u00e9 revolucionar\u00e1 la producci\u00f3n cafetalera, impulsando su crecimiento y fortaleciendo la marca Caf\u00e9.\" \/>\n<meta property=\"og:url\" content=\"https:\/\/elsalvadoroutsourcing.com\/es\/ley-del-instituto-salvadoreno-del-cafe-impulsara-la-produccion-cafetalera\/\" \/>\n<meta property=\"og:site_name\" content=\"El Salvador Outsourcing - Interbiznet - Asesores legales\" \/>\n<meta property=\"article:publisher\" content=\"https:\/\/www.facebook.com\/interbiznet\/\" \/>\n<meta property=\"article:published_time\" content=\"2023-09-04T20:36:27+00:00\" \/>\n<meta property=\"article:modified_time\" content=\"2023-09-04T20:38:56+00:00\" \/>\n<meta property=\"og:image\" content=\"https:\/\/elsalvadoroutsourcing.com\/wp-content\/uploads\/2023\/09\/POST-WEB3noticicafeley-scaled.webp\" \/>\n\t<meta property=\"og:image:width\" content=\"2560\" \/>\n\t<meta property=\"og:image:height\" content=\"1440\" \/>\n\t<meta property=\"og:image:type\" content=\"image\/webp\" \/>\n<meta name=\"author\" content=\"Interbiznet,abogados y despacho contable\" \/>\n<meta name=\"twitter:card\" content=\"summary_large_image\" \/>\n<meta name=\"twitter:creator\" content=\"@InterbiznetSV\" \/>\n<meta name=\"twitter:site\" content=\"@InterbiznetSV\" \/>\n<meta name=\"twitter:label1\" content=\"Escrito por\" \/>\n\t<meta name=\"twitter:data1\" content=\"Interbiznet,abogados y despacho contable\" \/>\n\t<meta name=\"twitter:label2\" content=\"Tiempo de lectura\" \/>\n\t<meta name=\"twitter:data2\" content=\"2 minutos\" \/>\n<script type=\"application\/ld+json\" class=\"yoast-schema-graph\">{\"@context\":\"https:\\\/\\\/schema.org\",\"@graph\":[{\"@type\":\"Article\",\"@id\":\"https:\\\/\\\/elsalvadoroutsourcing.com\\\/es\\\/ley-del-instituto-salvadoreno-del-cafe-impulsara-la-produccion-cafetalera\\\/#article\",\"isPartOf\":{\"@id\":\"https:\\\/\\\/elsalvadoroutsourcing.com\\\/es\\\/ley-del-instituto-salvadoreno-del-cafe-impulsara-la-produccion-cafetalera\\\/\"},\"author\":{\"name\":\"Interbiznet,abogados y despacho contable\",\"@id\":\"https:\\\/\\\/elsalvadoroutsourcing.com\\\/es\\\/#\\\/schema\\\/person\\\/b579a35652c55f39408e932db19a15dd\"},\"headline\":\"Ley del Instituto Salvadore\u00f1o del Caf\u00e9 impulsar\u00e1 la Producci\u00f3n Cafetalera\",\"datePublished\":\"2023-09-04T20:36:27+00:00\",\"dateModified\":\"2023-09-04T20:38:56+00:00\",\"mainEntityOfPage\":{\"@id\":\"https:\\\/\\\/elsalvadoroutsourcing.com\\\/es\\\/ley-del-instituto-salvadoreno-del-cafe-impulsara-la-produccion-cafetalera\\\/\"},\"wordCount\":368,\"commentCount\":0,\"publisher\":{\"@id\":\"https:\\\/\\\/elsalvadoroutsourcing.com\\\/es\\\/#organization\"},\"image\":{\"@id\":\"https:\\\/\\\/elsalvadoroutsourcing.com\\\/es\\\/ley-del-instituto-salvadoreno-del-cafe-impulsara-la-produccion-cafetalera\\\/#primaryimage\"},\"thumbnailUrl\":\"https:\\\/\\\/elsalvadoroutsourcing.com\\\/wp-content\\\/uploads\\\/2023\\\/09\\\/POST-WEB3noticicafeley-scaled.webp\",\"keywords\":[\"Consejo Salvadore\u00f1o del Caf\u00e9\",\"Instituto del cafe en el salvador\",\"Instituto Salvadore\u00f1o del Caf\u00e9\",\"Ley del Instituto del Caf\u00e9 en El Salvador\",\"Nueva Ley del Instituto del Caf\u00e9 en El Salvador\"],\"articleSection\":[\"Noticias\"],\"inLanguage\":\"es\",\"copyrightYear\":\"2023\",\"copyrightHolder\":{\"@id\":\"https:\\\/\\\/elsalvadoroutsourcing.com\\\/#organization\"}},{\"@type\":\"WebPage\",\"@id\":\"https:\\\/\\\/elsalvadoroutsourcing.com\\\/es\\\/ley-del-instituto-salvadoreno-del-cafe-impulsara-la-produccion-cafetalera\\\/\",\"url\":\"https:\\\/\\\/elsalvadoroutsourcing.com\\\/es\\\/ley-del-instituto-salvadoreno-del-cafe-impulsara-la-produccion-cafetalera\\\/\",\"name\":\"Ley del Instituto Salvadore\u00f1o del Caf\u00e9 - El Salvador Outsourcing - Interbiznet - Asesores legales\",\"isPartOf\":{\"@id\":\"https:\\\/\\\/elsalvadoroutsourcing.com\\\/es\\\/#website\"},\"primaryImageOfPage\":{\"@id\":\"https:\\\/\\\/elsalvadoroutsourcing.com\\\/es\\\/ley-del-instituto-salvadoreno-del-cafe-impulsara-la-produccion-cafetalera\\\/#primaryimage\"},\"image\":{\"@id\":\"https:\\\/\\\/elsalvadoroutsourcing.com\\\/es\\\/ley-del-instituto-salvadoreno-del-cafe-impulsara-la-produccion-cafetalera\\\/#primaryimage\"},\"thumbnailUrl\":\"https:\\\/\\\/elsalvadoroutsourcing.com\\\/wp-content\\\/uploads\\\/2023\\\/09\\\/POST-WEB3noticicafeley-scaled.webp\",\"datePublished\":\"2023-09-04T20:36:27+00:00\",\"dateModified\":\"2023-09-04T20:38:56+00:00\",\"description\":\"Ley del Instituto Salvadore\u00f1o del Caf\u00e9 revolucionar\u00e1 la producci\u00f3n cafetalera, impulsando su crecimiento y fortaleciendo la marca Caf\u00e9.\",\"breadcrumb\":{\"@id\":\"https:\\\/\\\/elsalvadoroutsourcing.com\\\/es\\\/ley-del-instituto-salvadoreno-del-cafe-impulsara-la-produccion-cafetalera\\\/#breadcrumb\"},\"inLanguage\":\"es\",\"potentialAction\":[{\"@type\":\"ReadAction\",\"target\":[\"https:\\\/\\\/elsalvadoroutsourcing.com\\\/es\\\/ley-del-instituto-salvadoreno-del-cafe-impulsara-la-produccion-cafetalera\\\/\"]}]},{\"@type\":\"ImageObject\",\"inLanguage\":\"es\",\"@id\":\"https:\\\/\\\/elsalvadoroutsourcing.com\\\/es\\\/ley-del-instituto-salvadoreno-del-cafe-impulsara-la-produccion-cafetalera\\\/#primaryimage\",\"url\":\"https:\\\/\\\/elsalvadoroutsourcing.com\\\/wp-content\\\/uploads\\\/2023\\\/09\\\/POST-WEB3noticicafeley-scaled.webp\",\"contentUrl\":\"https:\\\/\\\/elsalvadoroutsourcing.com\\\/wp-content\\\/uploads\\\/2023\\\/09\\\/POST-WEB3noticicafeley-scaled.webp\",\"width\":2560,\"height\":1440,\"caption\":\"Ley del Instituto del Caf\u00e9 en El Salvador\"},{\"@type\":\"BreadcrumbList\",\"@id\":\"https:\\\/\\\/elsalvadoroutsourcing.com\\\/es\\\/ley-del-instituto-salvadoreno-del-cafe-impulsara-la-produccion-cafetalera\\\/#breadcrumb\",\"itemListElement\":[{\"@type\":\"ListItem\",\"position\":1,\"name\":\"Portada\",\"item\":\"https:\\\/\\\/elsalvadoroutsourcing.com\\\/es\\\/\"},{\"@type\":\"ListItem\",\"position\":2,\"name\":\"Ley del Instituto Salvadore\u00f1o del Caf\u00e9 impulsar\u00e1 la Producci\u00f3n Cafetalera\"}]},{\"@type\":\"WebSite\",\"@id\":\"https:\\\/\\\/elsalvadoroutsourcing.com\\\/es\\\/#website\",\"url\":\"https:\\\/\\\/elsalvadoroutsourcing.com\\\/es\\\/\",\"name\":\"El Salvador Outsourcing - Interbiznet - Asesores legales\",\"description\":\"Outsourcing de El Salvador\",\"publisher\":{\"@id\":\"https:\\\/\\\/elsalvadoroutsourcing.com\\\/es\\\/#organization\"},\"potentialAction\":[{\"@type\":\"SearchAction\",\"target\":{\"@type\":\"EntryPoint\",\"urlTemplate\":\"https:\\\/\\\/elsalvadoroutsourcing.com\\\/es\\\/?s={search_term_string}\"},\"query-input\":{\"@type\":\"PropertyValueSpecification\",\"valueRequired\":true,\"valueName\":\"search_term_string\"}}],\"inLanguage\":\"es\"},{\"@type\":[\"Organization\",\"Place\",\"LegalService\"],\"@id\":\"https:\\\/\\\/elsalvadoroutsourcing.com\\\/es\\\/#organization\",\"name\":\"Interbiznet, S.A de C.V.; Firma de abogados y despacho contable en El Salvador\",\"alternateName\":\"Interbiznet, Firma de Abogados y Despacho Contable\",\"url\":\"https:\\\/\\\/elsalvadoroutsourcing.com\\\/es\\\/\",\"logo\":{\"@id\":\"https:\\\/\\\/elsalvadoroutsourcing.com\\\/es\\\/ley-del-instituto-salvadoreno-del-cafe-impulsara-la-produccion-cafetalera\\\/#local-main-organization-logo\"},\"image\":{\"@id\":\"https:\\\/\\\/elsalvadoroutsourcing.com\\\/es\\\/ley-del-instituto-salvadoreno-del-cafe-impulsara-la-produccion-cafetalera\\\/#local-main-organization-logo\"},\"sameAs\":[\"https:\\\/\\\/www.facebook.com\\\/interbiznet\\\/\",\"https:\\\/\\\/x.com\\\/InterbiznetSV\",\"https:\\\/\\\/sv.linkedin.com\\\/company\\\/interbiznet\",\"https:\\\/\\\/www.youtube.com\\\/@InterBizNetSanSalvador\\\/videos\",\"https:\\\/\\\/www.instagram.com\\\/interbiznetsv\\\/\"],\"address\":{\"@id\":\"https:\\\/\\\/elsalvadoroutsourcing.com\\\/es\\\/ley-del-instituto-salvadoreno-del-cafe-impulsara-la-produccion-cafetalera\\\/#local-main-place-address\"},\"geo\":{\"@type\":\"GeoCoordinates\",\"latitude\":\"13.7097358\",\"longitude\":\"-89.24044321\"},\"telephone\":[\"+503 2528 0303\",\"+305 728-8634\"],\"openingHoursSpecification\":[{\"@type\":\"OpeningHoursSpecification\",\"dayOfWeek\":[\"Monday\",\"Tuesday\",\"Wednesday\",\"Thursday\",\"Friday\"],\"opens\":\"08:00\",\"closes\":\"17:00\"},{\"@type\":\"OpeningHoursSpecification\",\"dayOfWeek\":[\"Saturday\",\"Sunday\"],\"opens\":\"00:00\",\"closes\":\"00:00\"}],\"email\":\"info@elsalvadoroutsourcing.com\",\"faxNumber\":\"+503 2264-6157\",\"priceRange\":\"$\",\"currenciesAccepted\":\"USD\"},{\"@type\":\"Person\",\"@id\":\"https:\\\/\\\/elsalvadoroutsourcing.com\\\/es\\\/#\\\/schema\\\/person\\\/b579a35652c55f39408e932db19a15dd\",\"name\":\"Interbiznet,abogados y despacho contable\",\"image\":{\"@type\":\"ImageObject\",\"inLanguage\":\"es\",\"@id\":\"https:\\\/\\\/elsalvadoroutsourcing.com\\\/wp-content\\\/litespeed\\\/avatar\\\/367b0e1081864c99dada992abf64ad68.jpg?ver=1777101051\",\"url\":\"https:\\\/\\\/elsalvadoroutsourcing.com\\\/wp-content\\\/litespeed\\\/avatar\\\/367b0e1081864c99dada992abf64ad68.jpg?ver=1777101051\",\"contentUrl\":\"https:\\\/\\\/elsalvadoroutsourcing.com\\\/wp-content\\\/litespeed\\\/avatar\\\/367b0e1081864c99dada992abf64ad68.jpg?ver=1777101051\",\"caption\":\"Interbiznet,abogados y despacho contable\"},\"description\":\"Interbiznet es una firma de abogados y despacho contable en El Salvador. Brindamos distintos servicios legales en El Salvador\",\"url\":\"https:\\\/\\\/elsalvadoroutsourcing.com\\\/es\\\/author\\\/interbiznet-firma-de-abogados-y-despacho-contable\\\/\"},{\"@type\":\"PostalAddress\",\"@id\":\"https:\\\/\\\/elsalvadoroutsourcing.com\\\/es\\\/ley-del-instituto-salvadoreno-del-cafe-impulsara-la-produccion-cafetalera\\\/#local-main-place-address\",\"streetAddress\":\"13 Calle Poniente No. 4425, entre 85 y, 87 Avenida Norte,\",\"addressLocality\":\"San Salvador\",\"postalCode\":\"01101\",\"addressRegion\":\"San Salvador\",\"addressCountry\":\"SV\"},{\"@type\":\"ImageObject\",\"inLanguage\":\"es\",\"@id\":\"https:\\\/\\\/elsalvadoroutsourcing.com\\\/es\\\/ley-del-instituto-salvadoreno-del-cafe-impulsara-la-produccion-cafetalera\\\/#local-main-organization-logo\",\"url\":\"https:\\\/\\\/elsalvadoroutsourcing.com\\\/wp-content\\\/uploads\\\/2022\\\/10\\\/logo-negro_Mesa-de-trabajo-1.png\",\"contentUrl\":\"https:\\\/\\\/elsalvadoroutsourcing.com\\\/wp-content\\\/uploads\\\/2022\\\/10\\\/logo-negro_Mesa-de-trabajo-1.png\",\"width\":3300,\"height\":2550,\"caption\":\"Interbiznet, S.A de C.V.; Firma de abogados y despacho contable en El Salvador\"}]}<\/script>\n<meta name=\"geo.placename\" content=\"San Salvador\" \/>\n<meta name=\"geo.position\" content=\"13.7097358;-89.24044321\" \/>\n<meta name=\"geo.region\" content=\"El Salvador\" \/>\n<!-- \/ Yoast SEO Premium plugin. -->","yoast_head_json":{"title":"Ley del Instituto Salvadore\u00f1o del Caf\u00e9 - El Salvador Outsourcing - Interbiznet - Asesores legales","description":"Ley del Instituto Salvadore\u00f1o del Caf\u00e9 revolucionar\u00e1 la producci\u00f3n cafetalera, impulsando su crecimiento y fortaleciendo la marca Caf\u00e9.","robots":{"index":"index","follow":"follow","max-snippet":"max-snippet:-1","max-image-preview":"max-image-preview:large","max-video-preview":"max-video-preview:-1"},"canonical":"https:\/\/elsalvadoroutsourcing.com\/es\/ley-del-instituto-salvadoreno-del-cafe-impulsara-la-produccion-cafetalera\/","og_locale":"es_ES","og_type":"article","og_title":"Ley del Instituto Salvadore\u00f1o del Caf\u00e9 impulsar\u00e1 la Producci\u00f3n Cafetalera","og_description":"Ley del Instituto Salvadore\u00f1o del Caf\u00e9 revolucionar\u00e1 la producci\u00f3n cafetalera, impulsando su crecimiento y fortaleciendo la marca Caf\u00e9.","og_url":"https:\/\/elsalvadoroutsourcing.com\/es\/ley-del-instituto-salvadoreno-del-cafe-impulsara-la-produccion-cafetalera\/","og_site_name":"El Salvador Outsourcing - Interbiznet - Asesores legales","article_publisher":"https:\/\/www.facebook.com\/interbiznet\/","article_published_time":"2023-09-04T20:36:27+00:00","article_modified_time":"2023-09-04T20:38:56+00:00","og_image":[{"width":2560,"height":1440,"url":"https:\/\/elsalvadoroutsourcing.com\/wp-content\/uploads\/2023\/09\/POST-WEB3noticicafeley-scaled.webp","type":"image\/webp"}],"author":"Interbiznet,abogados y despacho contable","twitter_card":"summary_large_image","twitter_creator":"@InterbiznetSV","twitter_site":"@InterbiznetSV","twitter_misc":{"Escrito por":"Interbiznet,abogados y despacho contable","Tiempo de lectura":"2 minutos"},"schema":{"@context":"https:\/\/schema.org","@graph":[{"@type":"Article","@id":"https:\/\/elsalvadoroutsourcing.com\/es\/ley-del-instituto-salvadoreno-del-cafe-impulsara-la-produccion-cafetalera\/#article","isPartOf":{"@id":"https:\/\/elsalvadoroutsourcing.com\/es\/ley-del-instituto-salvadoreno-del-cafe-impulsara-la-produccion-cafetalera\/"},"author":{"name":"Interbiznet,abogados y despacho contable","@id":"https:\/\/elsalvadoroutsourcing.com\/es\/#\/schema\/person\/b579a35652c55f39408e932db19a15dd"},"headline":"Ley del Instituto Salvadore\u00f1o del Caf\u00e9 impulsar\u00e1 la Producci\u00f3n Cafetalera","datePublished":"2023-09-04T20:36:27+00:00","dateModified":"2023-09-04T20:38:56+00:00","mainEntityOfPage":{"@id":"https:\/\/elsalvadoroutsourcing.com\/es\/ley-del-instituto-salvadoreno-del-cafe-impulsara-la-produccion-cafetalera\/"},"wordCount":368,"commentCount":0,"publisher":{"@id":"https:\/\/elsalvadoroutsourcing.com\/es\/#organization"},"image":{"@id":"https:\/\/elsalvadoroutsourcing.com\/es\/ley-del-instituto-salvadoreno-del-cafe-impulsara-la-produccion-cafetalera\/#primaryimage"},"thumbnailUrl":"https:\/\/elsalvadoroutsourcing.com\/wp-content\/uploads\/2023\/09\/POST-WEB3noticicafeley-scaled.webp","keywords":["Consejo Salvadore\u00f1o del Caf\u00e9","Instituto del cafe en el salvador","Instituto Salvadore\u00f1o del Caf\u00e9","Ley del Instituto del Caf\u00e9 en El Salvador","Nueva Ley del Instituto del Caf\u00e9 en El Salvador"],"articleSection":["Noticias"],"inLanguage":"es","copyrightYear":"2023","copyrightHolder":{"@id":"https:\/\/elsalvadoroutsourcing.com\/#organization"}},{"@type":"WebPage","@id":"https:\/\/elsalvadoroutsourcing.com\/es\/ley-del-instituto-salvadoreno-del-cafe-impulsara-la-produccion-cafetalera\/","url":"https:\/\/elsalvadoroutsourcing.com\/es\/ley-del-instituto-salvadoreno-del-cafe-impulsara-la-produccion-cafetalera\/","name":"Ley del Instituto Salvadore\u00f1o del Caf\u00e9 - El Salvador Outsourcing - Interbiznet - Asesores legales","isPartOf":{"@id":"https:\/\/elsalvadoroutsourcing.com\/es\/#website"},"primaryImageOfPage":{"@id":"https:\/\/elsalvadoroutsourcing.com\/es\/ley-del-instituto-salvadoreno-del-cafe-impulsara-la-produccion-cafetalera\/#primaryimage"},"image":{"@id":"https:\/\/elsalvadoroutsourcing.com\/es\/ley-del-instituto-salvadoreno-del-cafe-impulsara-la-produccion-cafetalera\/#primaryimage"},"thumbnailUrl":"https:\/\/elsalvadoroutsourcing.com\/wp-content\/uploads\/2023\/09\/POST-WEB3noticicafeley-scaled.webp","datePublished":"2023-09-04T20:36:27+00:00","dateModified":"2023-09-04T20:38:56+00:00","description":"Ley del Instituto Salvadore\u00f1o del Caf\u00e9 revolucionar\u00e1 la producci\u00f3n cafetalera, impulsando su crecimiento y fortaleciendo la marca Caf\u00e9.","breadcrumb":{"@id":"https:\/\/elsalvadoroutsourcing.com\/es\/ley-del-instituto-salvadoreno-del-cafe-impulsara-la-produccion-cafetalera\/#breadcrumb"},"inLanguage":"es","potentialAction":[{"@type":"ReadAction","target":["https:\/\/elsalvadoroutsourcing.com\/es\/ley-del-instituto-salvadoreno-del-cafe-impulsara-la-produccion-cafetalera\/"]}]},{"@type":"ImageObject","inLanguage":"es","@id":"https:\/\/elsalvadoroutsourcing.com\/es\/ley-del-instituto-salvadoreno-del-cafe-impulsara-la-produccion-cafetalera\/#primaryimage","url":"https:\/\/elsalvadoroutsourcing.com\/wp-content\/uploads\/2023\/09\/POST-WEB3noticicafeley-scaled.webp","contentUrl":"https:\/\/elsalvadoroutsourcing.com\/wp-content\/uploads\/2023\/09\/POST-WEB3noticicafeley-scaled.webp","width":2560,"height":1440,"caption":"Ley del Instituto del Caf\u00e9 en El Salvador"},{"@type":"BreadcrumbList","@id":"https:\/\/elsalvadoroutsourcing.com\/es\/ley-del-instituto-salvadoreno-del-cafe-impulsara-la-produccion-cafetalera\/#breadcrumb","itemListElement":[{"@type":"ListItem","position":1,"name":"Portada","item":"https:\/\/elsalvadoroutsourcing.com\/es\/"},{"@type":"ListItem","position":2,"name":"Ley del Instituto Salvadore\u00f1o del Caf\u00e9 impulsar\u00e1 la Producci\u00f3n Cafetalera"}]},{"@type":"WebSite","@id":"https:\/\/elsalvadoroutsourcing.com\/es\/#website","url":"https:\/\/elsalvadoroutsourcing.com\/es\/","name":"El Salvador Outsourcing - Interbiznet - Asesores legales","description":"Outsourcing de El Salvador","publisher":{"@id":"https:\/\/elsalvadoroutsourcing.com\/es\/#organization"},"potentialAction":[{"@type":"SearchAction","target":{"@type":"EntryPoint","urlTemplate":"https:\/\/elsalvadoroutsourcing.com\/es\/?s={search_term_string}"},"query-input":{"@type":"PropertyValueSpecification","valueRequired":true,"valueName":"search_term_string"}}],"inLanguage":"es"},{"@type":["Organization","Place","LegalService"],"@id":"https:\/\/elsalvadoroutsourcing.com\/es\/#organization","name":"Interbiznet, S.A de C.V.; Firma de abogados y despacho contable en El Salvador","alternateName":"Interbiznet, Firma de Abogados y Despacho Contable","url":"https:\/\/elsalvadoroutsourcing.com\/es\/","logo":{"@id":"https:\/\/elsalvadoroutsourcing.com\/es\/ley-del-instituto-salvadoreno-del-cafe-impulsara-la-produccion-cafetalera\/#local-main-organization-logo"},"image":{"@id":"https:\/\/elsalvadoroutsourcing.com\/es\/ley-del-instituto-salvadoreno-del-cafe-impulsara-la-produccion-cafetalera\/#local-main-organization-logo"},"sameAs":["https:\/\/www.facebook.com\/interbiznet\/","https:\/\/x.com\/InterbiznetSV","https:\/\/sv.linkedin.com\/company\/interbiznet","https:\/\/www.youtube.com\/@InterBizNetSanSalvador\/videos","https:\/\/www.instagram.com\/interbiznetsv\/"],"address":{"@id":"https:\/\/elsalvadoroutsourcing.com\/es\/ley-del-instituto-salvadoreno-del-cafe-impulsara-la-produccion-cafetalera\/#local-main-place-address"},"geo":{"@type":"GeoCoordinates","latitude":"13.7097358","longitude":"-89.24044321"},"telephone":["+503 2528 0303","+305 728-8634"],"openingHoursSpecification":[{"@type":"OpeningHoursSpecification","dayOfWeek":["Monday","Tuesday","Wednesday","Thursday","Friday"],"opens":"08:00","closes":"17:00"},{"@type":"OpeningHoursSpecification","dayOfWeek":["Saturday","Sunday"],"opens":"00:00","closes":"00:00"}],"email":"info@elsalvadoroutsourcing.com","faxNumber":"+503 2264-6157","priceRange":"$","currenciesAccepted":"USD"},{"@type":"Person","@id":"https:\/\/elsalvadoroutsourcing.com\/es\/#\/schema\/person\/b579a35652c55f39408e932db19a15dd","name":"Interbiznet,abogados y despacho contable","image":{"@type":"ImageObject","inLanguage":"es","@id":"https:\/\/elsalvadoroutsourcing.com\/wp-content\/litespeed\/avatar\/367b0e1081864c99dada992abf64ad68.jpg?ver=1777101051","url":"https:\/\/elsalvadoroutsourcing.com\/wp-content\/litespeed\/avatar\/367b0e1081864c99dada992abf64ad68.jpg?ver=1777101051","contentUrl":"https:\/\/elsalvadoroutsourcing.com\/wp-content\/litespeed\/avatar\/367b0e1081864c99dada992abf64ad68.jpg?ver=1777101051","caption":"Interbiznet,abogados y despacho contable"},"description":"Interbiznet es una firma de abogados y despacho contable en El Salvador. Brindamos distintos servicios legales en El Salvador","url":"https:\/\/elsalvadoroutsourcing.com\/es\/author\/interbiznet-firma-de-abogados-y-despacho-contable\/"},{"@type":"PostalAddress","@id":"https:\/\/elsalvadoroutsourcing.com\/es\/ley-del-instituto-salvadoreno-del-cafe-impulsara-la-produccion-cafetalera\/#local-main-place-address","streetAddress":"13 Calle Poniente No. 4425, entre 85 y, 87 Avenida Norte,","addressLocality":"San Salvador","postalCode":"01101","addressRegion":"San Salvador","addressCountry":"SV"},{"@type":"ImageObject","inLanguage":"es","@id":"https:\/\/elsalvadoroutsourcing.com\/es\/ley-del-instituto-salvadoreno-del-cafe-impulsara-la-produccion-cafetalera\/#local-main-organization-logo","url":"https:\/\/elsalvadoroutsourcing.com\/wp-content\/uploads\/2022\/10\/logo-negro_Mesa-de-trabajo-1.png","contentUrl":"https:\/\/elsalvadoroutsourcing.com\/wp-content\/uploads\/2022\/10\/logo-negro_Mesa-de-trabajo-1.png","width":3300,"height":2550,"caption":"Interbiznet, S.A de C.V.; Firma de abogados y despacho contable en El Salvador"}]},"geo.placename":"San Salvador","geo.position":{"lat":"13.7097358","long":"-89.24044321"},"geo.region":"El Salvador"},"uagb_featured_image_src":{"full":["https:\/\/elsalvadoroutsourcing.com\/wp-content\/uploads\/2023\/09\/POST-WEB3noticicafeley-scaled.webp",2560,1440,false],"thumbnail":["https:\/\/elsalvadoroutsourcing.com\/wp-content\/uploads\/2023\/09\/POST-WEB3noticicafeley-150x150.webp",150,150,true],"medium":["https:\/\/elsalvadoroutsourcing.com\/wp-content\/uploads\/2023\/09\/POST-WEB3noticicafeley-300x169.webp",300,169,true],"medium_large":["https:\/\/elsalvadoroutsourcing.com\/wp-content\/uploads\/2023\/09\/POST-WEB3noticicafeley-768x432.webp",768,432,true],"large":["https:\/\/elsalvadoroutsourcing.com\/wp-content\/uploads\/2023\/09\/POST-WEB3noticicafeley-1024x576.webp",1024,576,true],"1536x1536":["https:\/\/elsalvadoroutsourcing.com\/wp-content\/uploads\/2023\/09\/POST-WEB3noticicafeley-1536x864.webp",1536,864,true],"2048x2048":["https:\/\/elsalvadoroutsourcing.com\/wp-content\/uploads\/2023\/09\/POST-WEB3noticicafeley-2048x1152.webp",2048,1152,true],"woocommerce_thumbnail":["https:\/\/elsalvadoroutsourcing.com\/wp-content\/uploads\/2023\/09\/POST-WEB3noticicafeley-300x300.webp",300,300,true],"woocommerce_single":["https:\/\/elsalvadoroutsourcing.com\/wp-content\/uploads\/2023\/09\/POST-WEB3noticicafeley-600x337.webp",600,337,true],"woocommerce_gallery_thumbnail":["https:\/\/elsalvadoroutsourcing.com\/wp-content\/uploads\/2023\/09\/POST-WEB3noticicafeley-200x200.webp",200,200,true]},"uagb_author_info":{"display_name":"Interbiznet,abogados y despacho contable","author_link":"https:\/\/elsalvadoroutsourcing.com\/es\/author\/interbiznet-firma-de-abogados-y-despacho-contable\/"},"uagb_comment_info":0,"uagb_excerpt":"[vc_row][vc_column][vc_column_text]Diputados aprueban la creaci\u00f3n de la Ley del Instituto Salvadore\u00f1o del Caf\u00e9 que busca marcar un nuevo hito en el sector cafetalero. Dicha ley tendr\u00e1 como objetivo potenciar la producci\u00f3n de caf\u00e9 dentro y fuera del pa\u00eds, as\u00ed como fortalecer la marca Caf\u00e9 El Salvador. Los diputados de la Asamblea Legislativa respaldaron esta medida con&hellip;","_links":{"self":[{"href":"https:\/\/elsalvadoroutsourcing.com\/es\/wp-json\/wp\/v2\/posts\/6659","targetHints":{"allow":["GET"]}}],"collection":[{"href":"https:\/\/elsalvadoroutsourcing.com\/es\/wp-json\/wp\/v2\/posts"}],"about":[{"href":"https:\/\/elsalvadoroutsourcing.com\/es\/wp-json\/wp\/v2\/types\/post"}],"author":[{"embeddable":true,"href":"https:\/\/elsalvadoroutsourcing.com\/es\/wp-json\/wp\/v2\/users\/5"}],"replies":[{"embeddable":true,"href":"https:\/\/elsalvadoroutsourcing.com\/es\/wp-json\/wp\/v2\/comments?post=6659"}],"version-history":[{"count":0,"href":"https:\/\/elsalvadoroutsourcing.com\/es\/wp-json\/wp\/v2\/posts\/6659\/revisions"}],"wp:featuredmedia":[{"embeddable":true,"href":"https:\/\/elsalvadoroutsourcing.com\/es\/wp-json\/wp\/v2\/media\/6661"}],"wp:attachment":[{"href":"https:\/\/elsalvadoroutsourcing.com\/es\/wp-json\/wp\/v2\/media?parent=6659"}],"wp:term":[{"taxonomy":"category","embeddable":true,"href":"https:\/\/elsalvadoroutsourcing.com\/es\/wp-json\/wp\/v2\/categories?post=6659"},{"taxonomy":"post_tag","embeddable":true,"href":"https:\/\/elsalvadoroutsourcing.com\/es\/wp-json\/wp\/v2\/tags?post=6659"}],"curies":[{"name":"wp","href":"https:\/\/api.w.org\/{rel}","templated":true}]}}